{"id":107,"date":"2024-04-06T07:11:23","date_gmt":"2024-04-06T07:11:23","guid":{"rendered":"https:\/\/helmklinkhavn.dk\/?p=107"},"modified":"2025-06-06T15:07:24","modified_gmt":"2025-06-06T15:07:24","slug":"generalforsamling-2023","status":"publish","type":"post","link":"https:\/\/helmklinkhavn.dk\/?p=107","title":{"rendered":"Generalforsamling 2023"},"content":{"rendered":"\n<p><\/p>\n\n\n\n<p><br><strong><span style=\"text-decoration: underline;\"><sup>Referat af generalforsamlingen i Helm Klink Havn, p\u00e5skel\u00f8rdag den 8. april 2023.<\/sup><\/span><\/strong><br><br><\/p>\n\n\n\n<p>(Afbud fra Verner Sig.)<\/p>\n\n\n\n<p><\/p>\n\n\n\n<p>1. <strong>Formanden, Jan Noesg\u00e5rd, b\u00f8d velkommen<\/strong>, og Peder Hansen blev valgt som dirigent.<\/p>\n\n\n\n<p>2. <strong>Som referent blev Frederik Madsen valgt<\/strong>.<br>Beslutningen om at neds\u00e6tte et stemmeudvalg blev udsat indtil behovet viste sig.<\/p>\n\n\n\n<p>3. <strong>Formanden aflagde beretning:<\/strong><\/p>\n\n\n\n<p>&nbsp;&nbsp; &#8211; Der er anskaffet en havetraktor, s\u00e5 man kan sidde ned og sl\u00e5 gr\u00e6sset.<\/p>\n\n\n\n<p>&nbsp;&nbsp; &#8211; Der er bygget en tilbygning til havnens hus til opbevaring af havetraktoren.<\/p>\n\n\n\n<p>&nbsp;&nbsp; &#8211; Reparation af b\u00e5dbroerne blev fors\u00f8gt ved at banke jernr\u00f8r i bunden, men det var vanskeligt at styre. I stedet blev yderp\u00e6lene l\u00f8snet og spulet ned i broh\u00f8jden.<\/p>\n\n\n\n<p>&nbsp;&nbsp; &#8211; Ans\u00f8gning om at opf\u00f8re 2 havneskure med 4 rum i hver blev afvist af b\u00e5de Holstebro kommune og Kystdirektoratet i Lemvig.<\/p>\n\n\n\n<p>&nbsp;&nbsp; &#8211; Opbevaring af b\u00e5de p\u00e5 land: B\u00e5dene \u00f8nskes s\u00f8s\u00e6ttes senest 1. maj af hensyn til gr\u00e6ssl\u00e5ningen. B\u00e5dene i havnen skal tydeligt markeres med liggepladsnummer, og gamle labels b\u00f8r udskiftes, da de kan v\u00e6re vanskelige at l\u00e6se.<\/p>\n\n\n\n<p>&nbsp;&nbsp; &#8211; Det blev p\u00e5peget, at anvendelse af ophalerpladsen som liggeplads for b\u00e5de vanskeligg\u00f8r ophalerfunktionen.<\/p>\n\n\n\n<p>&nbsp;&nbsp; &#8211; B\u00e5de, der havde ligget ubenyttet i lang tid, blev flyttet til pladsen ved affaldscontaineren sidste \u00e5r. De fleste blev afhentet, og kun to tilbageblev, som er klar til at blive fjernet.<\/p>\n\n\n\n<p>&nbsp;&nbsp; &#8211; J\u00f8rgen Hage har med succes s\u00f8gt Klittens Feriehusudlejning og Turistforeningen i Veders\u00f8 om tilskud til drift af toiletter med mere. Begge har bevilget 10.000 kroner.<\/p>\n\n\n\n<p>Der blev diskuteret behovet for et nyt bord med tilh\u00f8rende b\u00e6nke. Formanden opfordrede medlemmerne til at bidrage til st\u00f8rre opgaver, og der blev uddelt et bilag, hvor man kunne tilmelde sig.<\/p>\n\n\n\n<p>Formanden mindede ogs\u00e5 om, at afmelding og tilmelding af b\u00e5dpladser skal ske gennem Sjogge. Han takkede ogs\u00e5 de personer, der havde gjort Sankt Hansaften til en succes.<\/p>\n\n\n\n<p>Vedr\u00f8rende Sankt Hans: Grene til b\u00e5let kan afleveres 14 dage f\u00f8r arrangementet.<\/p>\n\n\n\n<p>Der var tidligere blevet foresl\u00e5et et socialt-musikalsk arrangement p\u00e5 havnen, men der var ingen tilslutning til dette.<\/p>\n\n\n\n<p>Til sidst mindede formanden om havens arbejdsdag, som finder sted l\u00f8rdag den 13. maj kl. 10.00. Man kan dog m\u00f8de allerede kl. 9.30. Dagen slutter med \u00f8l, vand og p\u00f8lser.<\/p>\n\n\n\n<p><strong>Beretningen blev enstemmigt godkendt med applaus.<\/strong><\/p>\n\n\n\n<p>4. <strong>Regnskabet blev fremlagt<\/strong>, herunder en resultatopg\u00f8relse fra Legepladsen.<br>Sj\u00f8gge gennemgik regnskabet p\u00e5 bedste vis. Det vedlagte regnskab blev godkendt.<\/p>\n\n\n\n<p>Der blev udtrykt almindelig ros og applaus. Resultatopg\u00f8relsen for legepladsen blev ogs\u00e5 godkendt. Da Verner Sig havde meldt afbud, p\u00e5tog Sjogge sig ogs\u00e5 denne opgave.<\/p>\n\n\n\n<p><br>5. <strong>Der var ingen indkomne forslag<\/strong>.<\/p>\n\n\n\n<p>6. <strong>Valg af bestyrelse<\/strong><br>Bestyrelsen blev genvalgt med Jan Noesg\u00e5rd og Verner Sig, begge med stor bifald. Claus Madsen blev genvalgt som suppleant.<\/p>\n\n\n\n<p>8. <strong>Valg af revisor<\/strong><br>Peder Hansen blev genvalgt som revisor, og Bente Pedersen blev genvalgt som revisorsuppleant.<\/p>\n\n\n\n<p>9. <strong>Eventuelt<\/strong>: Intet at bem\u00e6rke.<\/p>\n\n\n\n<p><em>S\u00e5ledes refereret:<br>Frederik Madsen, referent<\/em><\/p>\n","protected":false},"excerpt":{"rendered":"<p>Referat af generalforsamlingen i Helm Klink Havn, p\u00e5skel\u00f8rdag den 8. april 2023. (Afbud fra Verner Sig.) 1. Formanden, Jan Noesg\u00e5rd, b\u00f8d velkommen, og Peder Hansen blev valgt som dirigent. 2. Som referent blev Frederik Madsen valgt.Beslutningen om at neds\u00e6tte et stemmeudvalg blev udsat indtil behovet viste sig. 3. Formanden aflagde beretning: &nbsp;&nbsp; &#8211; Der er<span class=\"post-excerpt-end\">&hellip;<\/span><\/p>\n<p class=\"more-link\"><a href=\"https:\/\/helmklinkhavn.dk\/?p=107\" class=\"themebutton\">Read More<\/a><\/p>\n","protected":false},"author":1,"featured_media":131,"comment_status":"closed","ping_status":"closed","sticky":false,"template":"","format":"standard","meta":{"footnotes":""},"categories":[3],"tags":[],"class_list":["post-107","post","type-post","status-publish","format-standard","has-post-thumbnail","hentry","category-referater"],"_links":{"self":[{"href":"https:\/\/helmklinkhavn.dk\/index.php?rest_route=\/wp\/v2\/posts\/107","targetHints":{"allow":["GET"]}}],"collection":[{"href":"https:\/\/helmklinkhavn.dk\/index.php?rest_route=\/wp\/v2\/posts"}],"about":[{"href":"https:\/\/helmklinkhavn.dk\/index.php?rest_route=\/wp\/v2\/types\/post"}],"author":[{"embeddable":true,"href":"https:\/\/helmklinkhavn.dk\/index.php?rest_route=\/wp\/v2\/users\/1"}],"replies":[{"embeddable":true,"href":"https:\/\/helmklinkhavn.dk\/index.php?rest_route=%2Fwp%2Fv2%2Fcomments&post=107"}],"version-history":[{"count":4,"href":"https:\/\/helmklinkhavn.dk\/index.php?rest_route=\/wp\/v2\/posts\/107\/revisions"}],"predecessor-version":[{"id":113,"href":"https:\/\/helmklinkhavn.dk\/index.php?rest_route=\/wp\/v2\/posts\/107\/revisions\/113"}],"wp:featuredmedia":[{"embeddable":true,"href":"https:\/\/helmklinkhavn.dk\/index.php?rest_route=\/wp\/v2\/media\/131"}],"wp:attachment":[{"href":"https:\/\/helmklinkhavn.dk\/index.php?rest_route=%2Fwp%2Fv2%2Fmedia&parent=107"}],"wp:term":[{"taxonomy":"category","embeddable":true,"href":"https:\/\/helmklinkhavn.dk\/index.php?rest_route=%2Fwp%2Fv2%2Fcategories&post=107"},{"taxonomy":"post_tag","embeddable":true,"href":"https:\/\/helmklinkhavn.dk\/index.php?rest_route=%2Fwp%2Fv2%2Ftags&post=107"}],"curies":[{"name":"wp","href":"https:\/\/api.w.org\/{rel}","templated":true}]}}